{"id":5250,"date":"2023-11-07T14:46:55","date_gmt":"2023-11-07T12:46:55","guid":{"rendered":"https:\/\/nanooksiiskola.hu\/?p=5250"},"modified":"2023-11-07T14:47:23","modified_gmt":"2023-11-07T12:47:23","slug":"uj-kezdo-csoportok-november-vegetol","status":"publish","type":"post","link":"https:\/\/nanooksiiskola.hu\/en\/2023\/11\/07\/uj-kezdo-csoportok-november-vegetol\/","title":{"rendered":"\u00daJ KEZD\u0150 CSOPORTOK NOVEMBER V\u00c9G\u00c9T\u0150L"},"content":{"rendered":"<p>Ha eddig nem jelentkezt\u00e9l m\u00e9g s\u00edoktat\u00e1sra, itt az id\u0151, hogy felk\u00e9sz\u00fclj a szezon el\u0151tt.<\/p>\n<p>\u00daj gyerek \/ feln\u0151tt s\u00ed \u00e9s snowboard csoportok indulnak november v\u00e9g\u00e9t\u0151l, mindk\u00e9t helysz\u00edn\u00fcnk\u00f6n.<\/p>\n<p><strong>\u00dajbuda:<\/strong><\/p>\n<p><a href=\"https:\/\/nanooksiiskola.hu\/en\/sioktatas\/gyerek-sitanfolyamok-ujbuda\/\">https:\/\/nanooksiiskola.hu\/sioktatas\/gyerek-sitanfolyamok-ujbuda\/<\/a><\/p>\n<p><strong>Csepel:<\/strong><\/p>\n<p><a href=\"https:\/\/nanooksiiskola.hu\/en\/sioktatas\/gyerek-sitanfolyamok-csepel\/\">https:\/\/nanooksiiskola.hu\/sioktatas\/gyerek-sitanfolyamok-csepel\/<\/a><\/p>\n<p>&nbsp;<\/p>\n<p>\u00daj kezd\u0151 <strong>feln\u0151tt csoportok<\/strong> mindk\u00e9t helysz\u00ednen:<\/p>\n<p><a href=\"https:\/\/nanooksiiskola.hu\/en\/intenziv-es-felnott-kurzus\/\">https:\/\/nanooksiiskola.hu\/intenziv-es-felnott-kurzus\/<\/a><\/p>\n<p>&nbsp;<\/p>\n<p>\u00daj kezd\u0151 <strong>snowboard<\/strong> gyerek csoportok:<\/p>\n<p><a href=\"https:\/\/nanooksiiskola.hu\/en\/sioktatas\/gyerek-sitanfolyamok-snowboard-ujbuda\/\">https:\/\/nanooksiiskola.hu\/sioktatas\/gyerek-sitanfolyamok-snowboard-ujbuda\/<\/a><\/p>\n<p>&nbsp;<\/p>\n<p>Jelentkezz, v\u00e1runk T\u00e9\u00e9ged is.<\/p>","protected":false},"excerpt":{"rendered":"<p>Ha eddig nem jelentkezt\u00e9l m\u00e9g s\u00edoktat\u00e1sra, itt az id\u0151, hogy felk\u00e9sz\u00fclj a szezon el\u0151tt. \u00daj gyerek \/ feln\u0151tt s\u00ed \u00e9s snowboard csoportok indulnak november v\u00e9g\u00e9t\u0151l, mindk\u00e9t helysz\u00edn\u00fcnk\u00f6n. \u00dajbuda: https:\/\/nanooksiiskola.hu\/sioktatas\/gyerek-sitanfolyamok-ujbuda\/ Csepel: https:\/\/nanooksiiskola.hu\/sioktatas\/gyerek-sitanfolyamok-csepel\/ &nbsp; \u00daj kezd\u0151 feln\u0151tt csoportok mindk\u00e9t helysz\u00ednen: https:\/\/nanooksiiskola.hu\/intenziv-es-felnott-kurzus\/ &nbsp; \u00daj kezd\u0151 snowboard gyerek csoportok: https:\/\/nanooksiiskola.hu\/sioktatas\/gyerek-sitanfolyamok-snowboard-ujbuda\/ &nbsp; Jelentkezz, v\u00e1runk T\u00e9\u00e9ged is.<\/p>","protected":false},"author":4,"featured_media":5253,"comment_status":"open","ping_status":"open","sticky":false,"template":"","format":"standard","meta":[],"categories":[48,50],"tags":[],"_links":{"self":[{"href":"https:\/\/nanooksiiskola.hu\/en\/wp-json\/wp\/v2\/posts\/5250"}],"collection":[{"href":"https:\/\/nanooksiiskola.hu\/en\/wp-json\/wp\/v2\/posts"}],"about":[{"href":"https:\/\/nanooksiiskola.hu\/en\/wp-json\/wp\/v2\/types\/post"}],"author":[{"embeddable":true,"href":"https:\/\/nanooksiiskola.hu\/en\/wp-json\/wp\/v2\/users\/4"}],"replies":[{"embeddable":true,"href":"https:\/\/nanooksiiskola.hu\/en\/wp-json\/wp\/v2\/comments?post=5250"}],"version-history":[{"count":0,"href":"https:\/\/nanooksiiskola.hu\/en\/wp-json\/wp\/v2\/posts\/5250\/revisions"}],"wp:featuredmedia":[{"embeddable":true,"href":"https:\/\/nanooksiiskola.hu\/en\/wp-json\/wp\/v2\/media\/5253"}],"wp:attachment":[{"href":"https:\/\/nanooksiiskola.hu\/en\/wp-json\/wp\/v2\/media?parent=5250"}],"wp:term":[{"taxonomy":"category","embeddable":true,"href":"https:\/\/nanooksiiskola.hu\/en\/wp-json\/wp\/v2\/categories?post=5250"},{"taxonomy":"post_tag","embeddable":true,"href":"https:\/\/nanooksiiskola.hu\/en\/wp-json\/wp\/v2\/tags?post=5250"}],"curies":[{"name":"wp","href":"https:\/\/api.w.org\/{rel}","templated":true}]}}