{"id":6171,"date":"2024-11-04T10:15:33","date_gmt":"2024-11-04T08:15:33","guid":{"rendered":"https:\/\/nanooksiiskola.hu\/?p=6171"},"modified":"2024-11-04T10:15:33","modified_gmt":"2024-11-04T08:15:33","slug":"uj-kezdo-csoportok-november-vegetol-2","status":"publish","type":"post","link":"https:\/\/nanooksiiskola.hu\/en\/2024\/11\/04\/uj-kezdo-csoportok-november-vegetol-2\/","title":{"rendered":"\u00daJ KEZD\u0150 CSOPORTOK NOVEMBER V\u00c9G\u00c9T\u0150L"},"content":{"rendered":"<p>Ha eddig nem jelentkezt\u00e9l m\u00e9g s\u00edoktat\u00e1sra, itt az id\u0151, hogy felk\u00e9sz\u00fclj a szezon el\u0151tt.<\/p>\n<p>\u00daj kezd\u0151 gyerek \/ feln\u0151tt s\u00ed \u00e9s snowboard csoportok indulnak november v\u00e9g\u00e9t\u0151l, mindk\u00e9t helysz\u00edn\u00fcnk\u00f6n.<\/p>\n<p><strong>\u00dajbuda:<\/strong><\/p>\n<p><a href=\"https:\/\/nanooksiiskola.hu\/en\/sioktatas\/gyerek-sitanfolyamok-ujbuda\/\">https:\/\/nanooksiiskola.hu\/sioktatas\/gyerek-sitanfolyamok-ujbuda\/<\/a><\/p>\n<p><strong>Csepel:<\/strong><\/p>\n<p><a href=\"https:\/\/nanooksiiskola.hu\/en\/sioktatas\/gyerek-sitanfolyamok-csepel\/\">https:\/\/nanooksiiskola.hu\/sioktatas\/gyerek-sitanfolyamok-csepel\/<\/a><\/p>\n<p>&nbsp;<\/p>\n<p>\u00daj kezd\u0151 <strong>feln\u0151tt csoportok<\/strong> mindk\u00e9t helysz\u00ednen:<\/p>\n<p><a href=\"https:\/\/nanooksiiskola.hu\/en\/intenziv-es-felnott-kurzus\/\">https:\/\/nanooksiiskola.hu\/intenziv-es-felnott-kurzus\/<\/a><\/p>\n<p>&nbsp;<\/p>\n<p>\u00daj kezd\u0151 <strong>snowboard<\/strong> gyerek csoportok:<\/p>\n<p><a href=\"https:\/\/nanooksiiskola.hu\/en\/sioktatas\/gyerek-sitanfolyamok-snowboard-ujbuda\/\">https:\/\/nanooksiiskola.hu\/sioktatas\/gyerek-sitanfolyamok-snowboard-ujbuda\/<\/a><\/p>\n<p><strong>A m\u00e1r megl\u00e9v\u0151 halad\u00f3 csoportokba is tud m\u00e9g csatlakozni.<\/strong><\/p>\n<p>Jelentkezz, v\u00e1runk T\u00e9ged is.<\/p>","protected":false},"excerpt":{"rendered":"<p>Ha eddig nem jelentkezt\u00e9l m\u00e9g s\u00edoktat\u00e1sra, itt az id\u0151, hogy felk\u00e9sz\u00fclj a szezon el\u0151tt. \u00daj kezd\u0151 gyerek \/ feln\u0151tt s\u00ed \u00e9s snowboard csoportok indulnak november v\u00e9g\u00e9t\u0151l, mindk\u00e9t helysz\u00edn\u00fcnk\u00f6n. \u00dajbuda: https:\/\/nanooksiiskola.hu\/sioktatas\/gyerek-sitanfolyamok-ujbuda\/ Csepel: https:\/\/nanooksiiskola.hu\/sioktatas\/gyerek-sitanfolyamok-csepel\/ &nbsp; \u00daj kezd\u0151 feln\u0151tt csoportok mindk\u00e9t helysz\u00ednen: https:\/\/nanooksiiskola.hu\/intenziv-es-felnott-kurzus\/ &nbsp; \u00daj kezd\u0151 snowboard gyerek csoportok: https:\/\/nanooksiiskola.hu\/sioktatas\/gyerek-sitanfolyamok-snowboard-ujbuda\/ A m\u00e1r megl\u00e9v\u0151 halad\u00f3 csoportokba is tud m\u00e9g&#8230;<\/p>","protected":false},"author":4,"featured_media":6172,"comment_status":"open","ping_status":"open","sticky":false,"template":"","format":"standard","meta":[],"categories":[48,50],"tags":[],"_links":{"self":[{"href":"https:\/\/nanooksiiskola.hu\/en\/wp-json\/wp\/v2\/posts\/6171"}],"collection":[{"href":"https:\/\/nanooksiiskola.hu\/en\/wp-json\/wp\/v2\/posts"}],"about":[{"href":"https:\/\/nanooksiiskola.hu\/en\/wp-json\/wp\/v2\/types\/post"}],"author":[{"embeddable":true,"href":"https:\/\/nanooksiiskola.hu\/en\/wp-json\/wp\/v2\/users\/4"}],"replies":[{"embeddable":true,"href":"https:\/\/nanooksiiskola.hu\/en\/wp-json\/wp\/v2\/comments?post=6171"}],"version-history":[{"count":0,"href":"https:\/\/nanooksiiskola.hu\/en\/wp-json\/wp\/v2\/posts\/6171\/revisions"}],"wp:featuredmedia":[{"embeddable":true,"href":"https:\/\/nanooksiiskola.hu\/en\/wp-json\/wp\/v2\/media\/6172"}],"wp:attachment":[{"href":"https:\/\/nanooksiiskola.hu\/en\/wp-json\/wp\/v2\/media?parent=6171"}],"wp:term":[{"taxonomy":"category","embeddable":true,"href":"https:\/\/nanooksiiskola.hu\/en\/wp-json\/wp\/v2\/categories?post=6171"},{"taxonomy":"post_tag","embeddable":true,"href":"https:\/\/nanooksiiskola.hu\/en\/wp-json\/wp\/v2\/tags?post=6171"}],"curies":[{"name":"wp","href":"https:\/\/api.w.org\/{rel}","templated":true}]}}